{"id":1786,"date":"2021-10-12T07:26:00","date_gmt":"2021-10-12T07:26:00","guid":{"rendered":"http:\/\/www2.kreta.de\/?p=1786"},"modified":"2022-10-20T07:29:19","modified_gmt":"2022-10-20T07:29:19","slug":"schweres-erdbeben-der-staerke-63-r-erschuettert-kreta","status":"publish","type":"post","link":"https:\/\/www.kreta.de\/index.php\/2021\/10\/12\/schweres-erdbeben-der-staerke-63-r-erschuettert-kreta\/","title":{"rendered":"Schweres Erdbeben der St\u00e4rke 6,3 R ersch\u00fcttert Kreta"},"content":{"rendered":"\n<p id=\"block-f1620b80-f11c-4f82-88df-424d910008e9\">Die beliebte Urlaubsinsel Kreta ist erneut von einem schweren Erdbeben ersch\u00fcttert worden. Wie das geodynamische Institut mitteilt, handelte es sich um ein Erdbeben mit einer St\u00e4rke von 6,3 Richter und einer Tiefe von 8,7 km. Das Epizentrum lag im Meeresgebiet, 23 Kilometer s\u00fcd\u00f6stlich von Zakros.<\/p>\n\n\n\n<p id=\"block-ae300785-92bc-4f49-997f-4a9619c6db1d\">Ersten Berichten zufolge ist die Kirche von Agios Nikolaos in Xirokampos, Sitia, eingest\u00fcrzt. Die Einwohner der Region Sitia melden zudem Schadensmeldungen- gerade an alten Geb\u00e4uden der Region. Bis zum jetzigen Zeitpunkt gibt es gl\u00fccklicherweise keine Hinweise auf Verletzte oder Tote.<\/p>\n\n\n\n<p id=\"block-42c6d863-5d71-4b31-a080-c3498059bb64\">Das Erdbeben war besonders auf Kreta und auf den \u00e4g\u00e4ischen Inseln zu sp\u00fcren, w\u00e4hrend in Heraklion die Menschen ver\u00e4ngstigt auf die Stra\u00dfe liefen. Kurz nach der starken Ersch\u00fctterung von 6,3 R folgten weitere Nachbeben, das St\u00e4rkste mit einer St\u00e4rke von 4 Richter.<\/p>\n\n\n\n<p id=\"block-cd27579d-266e-439d-b9a3-e654e98bf178\">Bereits vor rund 14 Tagen, am 27. September 2021, kam es zu einem Erdbeben der St\u00e4rke 6,0 R. Bei dem Erdbeben kam ein Mann w\u00e4hrend des Einsturzes der Kirche des Propheten Elias ums Leben, viele Weitere wurden verletzt. Bei dem Erdbeben vom 27. September 2021 wurden \u00fcber 4.000 Geb\u00e4ude in Arkalochori und den umliegenden D\u00f6rfern besch\u00e4digt.<\/p>\n\n\n\n<p id=\"block-14d67810-39a4-4727-89c8-87064547abc4\">Photo:cretapost.gr<\/p>\n","protected":false},"excerpt":{"rendered":"<p>Die beliebte Urlaubsinsel Kreta ist erneut von einem schweren Erdbeben ersch\u00fcttert worden. Wie das geodynamische Institut mitteilt, handelte es sich um ein Erdbeben mit einer St\u00e4rke von 6,3 <a class=\"read-more\" href=\"https:\/\/www.kreta.de\/index.php\/2021\/10\/12\/schweres-erdbeben-der-staerke-63-r-erschuettert-kreta\/\">Read More<\/a><\/p>\n","protected":false},"author":1,"featured_media":1694,"comment_status":"closed","ping_status":"closed","sticky":false,"template":"","format":"standard","meta":{"footnotes":""},"categories":[3],"tags":[374,28,357,372,375,376],"class_list":["post-1786","post","type-post","status-publish","format-standard","has-post-thumbnail","hentry","category-news","tag-6-3-r","tag-kreta","tag-nachbeben","tag-schweres-erdbeben","tag-sitia","tag-xirokampos"],"aioseo_notices":[],"_links":{"self":[{"href":"https:\/\/www.kreta.de\/index.php\/wp-json\/wp\/v2\/posts\/1786","targetHints":{"allow":["GET"]}}],"collection":[{"href":"https:\/\/www.kreta.de\/index.php\/wp-json\/wp\/v2\/posts"}],"about":[{"href":"https:\/\/www.kreta.de\/index.php\/wp-json\/wp\/v2\/types\/post"}],"author":[{"embeddable":true,"href":"https:\/\/www.kreta.de\/index.php\/wp-json\/wp\/v2\/users\/1"}],"replies":[{"embeddable":true,"href":"https:\/\/www.kreta.de\/index.php\/wp-json\/wp\/v2\/comments?post=1786"}],"version-history":[{"count":1,"href":"https:\/\/www.kreta.de\/index.php\/wp-json\/wp\/v2\/posts\/1786\/revisions"}],"predecessor-version":[{"id":1787,"href":"https:\/\/www.kreta.de\/index.php\/wp-json\/wp\/v2\/posts\/1786\/revisions\/1787"}],"wp:featuredmedia":[{"embeddable":true,"href":"https:\/\/www.kreta.de\/index.php\/wp-json\/wp\/v2\/media\/1694"}],"wp:attachment":[{"href":"https:\/\/www.kreta.de\/index.php\/wp-json\/wp\/v2\/media?parent=1786"}],"wp:term":[{"taxonomy":"category","embeddable":true,"href":"https:\/\/www.kreta.de\/index.php\/wp-json\/wp\/v2\/categories?post=1786"},{"taxonomy":"post_tag","embeddable":true,"href":"https:\/\/www.kreta.de\/index.php\/wp-json\/wp\/v2\/tags?post=1786"}],"curies":[{"name":"wp","href":"https:\/\/api.w.org\/{rel}","templated":true}]}}